{"id":11459,"date":"2023-08-31T15:02:46","date_gmt":"2023-08-31T15:02:46","guid":{"rendered":"https:\/\/reci-education.ch\/helvetas-les-enfants-migrants-en-afrique-un-defi-majeur-pour-les-systemes-educatifs\/"},"modified":"2023-09-04T10:58:07","modified_gmt":"2023-09-04T10:58:07","slug":"helvetas-les-enfants-migrants-en-afrique-un-defi-majeur-pour-les-systemes-educatifs","status":"publish","type":"post","link":"https:\/\/reci-fobbiz.ch\/fr\/helvetas-les-enfants-migrants-en-afrique-un-defi-majeur-pour-les-systemes-educatifs\/","title":{"rendered":"Helvetas : les enfants migrants en Afrique, un d\u00e9fi majeur pour les syst\u00e8mes \u00e9ducatifs"},"content":{"rendered":"\t\t<div data-elementor-type=\"wp-post\" data-elementor-id=\"11459\" class=\"elementor elementor-11459 elementor-11455\" data-elementor-post-type=\"post\">\n\t\t\t\t\t\t<section class=\"elementor-section elementor-top-section elementor-element elementor-element-6aa1a1d9 elementor-section-boxed elementor-section-height-default elementor-section-height-default\" data-id=\"6aa1a1d9\" data-element_type=\"section\" data-e-type=\"section\">\n\t\t\t\t\t\t<div class=\"elementor-container elementor-column-gap-default\">\n\t\t\t\t\t<div class=\"elementor-column elementor-col-100 elementor-top-column elementor-element elementor-element-71fbdd03\" data-id=\"71fbdd03\" data-element_type=\"column\" data-e-type=\"column\">\n\t\t\t<div class=\"elementor-widget-wrap elementor-element-populated\">\n\t\t\t\t\t\t<div class=\"elementor-element elementor-element-5ed9c7d7 elementor-widget elementor-widget-text-editor\" data-id=\"5ed9c7d7\" data-element_type=\"widget\" data-e-type=\"widget\" data-widget_type=\"text-editor.default\">\n\t\t\t\t<div class=\"elementor-widget-container\">\n\t\t\t\t\t\t\t\t\t<p><span style=\"font-weight: 400;\">Helvetas met en \u0153uvre le projet<\/span> <a href=\"https:\/\/www.helvetas.org\/en\/switzerland\/what-we-do\/how-we-work\/our-projects\/africa\/Tunisia\/tunisia-migration-routes\"><span style=\"font-weight: 400;\">\u201cEnfants et jeunes en mobilit\u00e9\u00a0\u00bb<\/span><\/a><span style=\"font-weight: 400;\">(EJM) dans cinq pays africains. L&rsquo;objectif est de renforcer durablement les syst\u00e8mes \u00e9ducatifs et de faciliter l&rsquo;acc\u00e8s des enfants et des jeunes en situation de migration aux opportunit\u00e9s d&rsquo;apprentissage et d&rsquo;insertion professionnelle.<\/span><\/p>\n\t\t\t\t\t\t\t\t<\/div>\n\t\t\t\t<\/div>\n\t\t\t\t\t<\/div>\n\t\t<\/div>\n\t\t\t\t\t<\/div>\n\t\t<\/section>\n\t\t\t\t<section class=\"elementor-section elementor-top-section elementor-element elementor-element-626244d elementor-section-boxed elementor-section-height-default elementor-section-height-default\" data-id=\"626244d\" data-element_type=\"section\" data-e-type=\"section\">\n\t\t\t\t\t\t<div class=\"elementor-container elementor-column-gap-default\">\n\t\t\t\t\t<div class=\"elementor-column elementor-col-100 elementor-top-column elementor-element elementor-element-0774759\" data-id=\"0774759\" data-element_type=\"column\" data-e-type=\"column\">\n\t\t\t<div class=\"elementor-widget-wrap elementor-element-populated\">\n\t\t\t\t\t\t<div class=\"elementor-element elementor-element-aaaacc3 elementor-align-center elementor-widget elementor-widget-button\" data-id=\"aaaacc3\" data-element_type=\"widget\" data-e-type=\"widget\" data-widget_type=\"button.default\">\n\t\t\t\t<div class=\"elementor-widget-container\">\n\t\t\t\t\t\t\t\t\t<div class=\"elementor-button-wrapper\">\n\t\t\t\t\t<a class=\"elementor-button elementor-button-link elementor-size-sm\" href=\"https:\/\/www.helvetas.org\/Publications-PDFs\/Africa\/Ethiopia\/BLOG%20POST%20VERSION%20FINALE%20ENG.pdf\">\n\t\t\t\t\t\t<span class=\"elementor-button-content-wrapper\">\n\t\t\t\t\t\t\t\t\t<span class=\"elementor-button-text\">En savoir plus<\/span>\n\t\t\t\t\t<\/span>\n\t\t\t\t\t<\/a>\n\t\t\t\t<\/div>\n\t\t\t\t\t\t\t\t<\/div>\n\t\t\t\t<\/div>\n\t\t\t\t\t<\/div>\n\t\t<\/div>\n\t\t\t\t\t<\/div>\n\t\t<\/section>\n\t\t\t\t<section class=\"elementor-section elementor-top-section elementor-element elementor-element-ad8a327 elementor-section-boxed elementor-section-height-default elementor-section-height-default\" data-id=\"ad8a327\" data-element_type=\"section\" data-e-type=\"section\">\n\t\t\t\t\t\t<div class=\"elementor-container elementor-column-gap-default\">\n\t\t\t\t\t<div class=\"elementor-column elementor-col-100 elementor-top-column elementor-element elementor-element-8ff44a0\" data-id=\"8ff44a0\" data-element_type=\"column\" data-e-type=\"column\">\n\t\t\t<div class=\"elementor-widget-wrap elementor-element-populated\">\n\t\t\t\t\t\t<div class=\"elementor-element elementor-element-27b8ad3 elementor-widget elementor-widget-text-editor\" data-id=\"27b8ad3\" data-element_type=\"widget\" data-e-type=\"widget\" data-widget_type=\"text-editor.default\">\n\t\t\t\t<div class=\"elementor-widget-container\">\n\t\t\t\t\t\t\t\t\t<p>Et inscrivez-vous pour assister aux <span style=\"font-weight: bold;\">\u00c9changes en ligne sur l&rsquo;analyse de leurs besoins \u00e9ducatifs<\/span> et <span style=\"font-weight: bold;\">d\u00e9couvrir les suggestions de r\u00e9ponses d\u2019Helvetas<\/span> (28 septembre 2023 \/ 9h-10h30 GMT).<\/p>\n\t\t\t\t\t\t\t\t<\/div>\n\t\t\t\t<\/div>\n\t\t\t\t\t<\/div>\n\t\t<\/div>\n\t\t\t\t\t<\/div>\n\t\t<\/section>\n\t\t\t\t<section class=\"elementor-section elementor-top-section elementor-element elementor-element-69d85dd elementor-section-boxed elementor-section-height-default elementor-section-height-default\" data-id=\"69d85dd\" data-element_type=\"section\" data-e-type=\"section\">\n\t\t\t\t\t\t<div class=\"elementor-container elementor-column-gap-default\">\n\t\t\t\t\t<div class=\"elementor-column elementor-col-100 elementor-top-column elementor-element elementor-element-6b00227\" data-id=\"6b00227\" data-element_type=\"column\" data-e-type=\"column\">\n\t\t\t<div class=\"elementor-widget-wrap elementor-element-populated\">\n\t\t\t\t\t\t<div class=\"elementor-element elementor-element-088a274 elementor-align-center elementor-widget elementor-widget-button\" data-id=\"088a274\" data-element_type=\"widget\" data-e-type=\"widget\" data-widget_type=\"button.default\">\n\t\t\t\t<div class=\"elementor-widget-container\">\n\t\t\t\t\t\t\t\t\t<div class=\"elementor-button-wrapper\">\n\t\t\t\t\t<a class=\"elementor-button elementor-button-link elementor-size-sm\" href=\"https:\/\/forms.office.com\/e\/RAfJvCaNLc\">\n\t\t\t\t\t\t<span class=\"elementor-button-content-wrapper\">\n\t\t\t\t\t\t\t\t\t<span class=\"elementor-button-text\">Inscriptions<\/span>\n\t\t\t\t\t<\/span>\n\t\t\t\t\t<\/a>\n\t\t\t\t<\/div>\n\t\t\t\t\t\t\t\t<\/div>\n\t\t\t\t<\/div>\n\t\t\t\t\t<\/div>\n\t\t<\/div>\n\t\t\t\t\t<\/div>\n\t\t<\/section>\n\t\t\t\t<section class=\"elementor-section elementor-top-section elementor-element elementor-element-aeddd37 elementor-section-boxed elementor-section-height-default elementor-section-height-default\" data-id=\"aeddd37\" data-element_type=\"section\" data-e-type=\"section\">\n\t\t\t\t\t\t<div class=\"elementor-container elementor-column-gap-default\">\n\t\t\t\t\t<div class=\"elementor-column elementor-col-100 elementor-top-column elementor-element elementor-element-835a2e1\" data-id=\"835a2e1\" data-element_type=\"column\" data-e-type=\"column\">\n\t\t\t<div class=\"elementor-widget-wrap elementor-element-populated\">\n\t\t\t\t\t\t<div class=\"elementor-element elementor-element-323ac42 elementor-widget elementor-widget-image\" data-id=\"323ac42\" data-element_type=\"widget\" data-e-type=\"widget\" data-widget_type=\"image.default\">\n\t\t\t\t<div class=\"elementor-widget-container\">\n\t\t\t\t\t\t\t\t\t\t\t\t\t\t\t<img fetchpriority=\"high\" decoding=\"async\" width=\"768\" height=\"1152\" src=\"https:\/\/reci-fobbiz.ch\/wp-content\/uploads\/2023\/08\/EJM-for-RECI-1-768x1152.jpg\" class=\"attachment-medium_large size-medium_large wp-image-11472\" alt=\"\" srcset=\"https:\/\/reci-fobbiz.ch\/wp-content\/uploads\/2023\/08\/EJM-for-RECI-1-768x1152.jpg 768w, https:\/\/reci-fobbiz.ch\/wp-content\/uploads\/2023\/08\/EJM-for-RECI-1-200x300.jpg 200w, https:\/\/reci-fobbiz.ch\/wp-content\/uploads\/2023\/08\/EJM-for-RECI-1-683x1024.jpg 683w, https:\/\/reci-fobbiz.ch\/wp-content\/uploads\/2023\/08\/EJM-for-RECI-1-1024x1536.jpg 1024w, https:\/\/reci-fobbiz.ch\/wp-content\/uploads\/2023\/08\/EJM-for-RECI-1-1365x2048.jpg 1365w, https:\/\/reci-fobbiz.ch\/wp-content\/uploads\/2023\/08\/EJM-for-RECI-1-scaled.jpg 1707w\" sizes=\"(max-width: 768px) 100vw, 768px\" \/>\t\t\t\t\t\t\t\t\t\t\t\t\t\t\t<\/div>\n\t\t\t\t<\/div>\n\t\t\t\t\t<\/div>\n\t\t<\/div>\n\t\t\t\t\t<\/div>\n\t\t<\/section>\n\t\t\t\t<\/div>\n\t\t","protected":false},"excerpt":{"rendered":"<p>Helvetas met en \u0153uvre le projet \u201cEnfants et jeunes en mobilit\u00e9\u00a0\u00bb(EJM) dans cinq pays africains. L&rsquo;objectif est de renforcer durablement les syst\u00e8mes \u00e9ducatifs et de faciliter l&rsquo;acc\u00e8s des enfants et des jeunes en situation de migration aux opportunit\u00e9s d&rsquo;apprentissage et d&rsquo;insertion professionnelle. En savoir plus Et inscrivez-vous pour assister aux \u00c9changes en ligne sur l&rsquo;analyse [&hellip;]<\/p>\n","protected":false},"author":4,"featured_media":11465,"comment_status":"open","ping_status":"open","sticky":false,"template":"","format":"standard","meta":{"_acf_changed":false,"footnotes":""},"categories":[170,169],"tags":[341,343,340,342],"class_list":["post-11459","post","type-post","status-publish","format-standard","has-post-thumbnail","hentry","category-actualites-des-membres-fr","category-member-news-en","tag-afrique","tag-enfants","tag-helvetas-fr","tag-migration-fr","wpbf-post"],"acf":[],"yoast_head":"<!-- This site is optimized with the Yoast SEO Premium plugin v26.2 (Yoast SEO v27.2) - https:\/\/yoast.com\/product\/yoast-seo-premium-wordpress\/ -->\n<title>Helvetas : les enfants migrants en Afrique, un d\u00e9fi majeur pour les syst\u00e8mes \u00e9ducatifs | RECI<\/title>\n<meta name=\"description\" content=\"Helvetas met en \u0153uvre le projet \u201cEnfants et jeunes en mobilit\u00e9&quot; (EJM) dans cinq pays africains. L&#039;objectif est de renforcer durablement les syst\u00e8mes \u00e9ducatifs et de faciliter l&#039;acc\u00e8s des enfants et des jeunes en situation de migration aux opportunit\u00e9s d&#039;apprentissage et d&#039;insertion professionnelle.\" \/>\n<meta name=\"robots\" content=\"index, follow, max-snippet:-1, max-image-preview:large, max-video-preview:-1\" \/>\n<link rel=\"canonical\" href=\"https:\/\/reci-fobbiz.ch\/fr\/helvetas-les-enfants-migrants-en-afrique-un-defi-majeur-pour-les-systemes-educatifs\/\" \/>\n<meta property=\"og:locale\" content=\"fr_FR\" \/>\n<meta property=\"og:type\" content=\"article\" \/>\n<meta property=\"og:title\" content=\"Helvetas : les enfants migrants en Afrique, un d\u00e9fi majeur pour les syst\u00e8mes \u00e9ducatifs\" \/>\n<meta property=\"og:description\" content=\"Helvetas met en \u0153uvre le projet \u201cEnfants et jeunes en mobilit\u00e9&quot; (EJM) dans cinq pays africains. L&#039;objectif est de renforcer durablement les syst\u00e8mes \u00e9ducatifs et de faciliter l&#039;acc\u00e8s des enfants et des jeunes en situation de migration aux opportunit\u00e9s d&#039;apprentissage et d&#039;insertion professionnelle.\" \/>\n<meta property=\"og:url\" content=\"https:\/\/reci-fobbiz.ch\/fr\/helvetas-les-enfants-migrants-en-afrique-un-defi-majeur-pour-les-systemes-educatifs\/\" \/>\n<meta property=\"og:site_name\" content=\"RECI\" \/>\n<meta property=\"article:published_time\" content=\"2023-08-31T15:02:46+00:00\" \/>\n<meta property=\"article:modified_time\" content=\"2023-09-04T10:58:07+00:00\" \/>\n<meta property=\"og:image\" content=\"https:\/\/reci-fobbiz.ch\/wp-content\/uploads\/2023\/08\/EJM-for-RECI-scaled.jpg\" \/>\n\t<meta property=\"og:image:width\" content=\"1707\" \/>\n\t<meta property=\"og:image:height\" content=\"2560\" \/>\n\t<meta property=\"og:image:type\" content=\"image\/jpeg\" \/>\n<meta name=\"author\" content=\"RECI-FoBBIZ\" \/>\n<meta name=\"twitter:card\" content=\"summary_large_image\" \/>\n<meta name=\"twitter:label1\" content=\"\u00c9crit par\" \/>\n\t<meta name=\"twitter:data1\" content=\"RECI-FoBBIZ\" \/>\n<script type=\"application\/ld+json\" class=\"yoast-schema-graph\">{\"@context\":\"https:\/\/schema.org\",\"@graph\":[{\"@type\":[\"Article\",\"BlogPosting\"],\"@id\":\"https:\/\/reci-fobbiz.ch\/fr\/helvetas-les-enfants-migrants-en-afrique-un-defi-majeur-pour-les-systemes-educatifs\/#article\",\"isPartOf\":{\"@id\":\"https:\/\/reci-fobbiz.ch\/fr\/helvetas-les-enfants-migrants-en-afrique-un-defi-majeur-pour-les-systemes-educatifs\/\"},\"author\":{\"name\":\"RECI-FoBBIZ\",\"@id\":\"https:\/\/reci-fobbiz.ch\/fr\/#\/schema\/person\/37496835011ff697787759e4d401a27e\"},\"headline\":\"Helvetas : les enfants migrants en Afrique, un d\u00e9fi majeur pour les syst\u00e8mes \u00e9ducatifs\",\"datePublished\":\"2023-08-31T15:02:46+00:00\",\"dateModified\":\"2023-09-04T10:58:07+00:00\",\"mainEntityOfPage\":{\"@id\":\"https:\/\/reci-fobbiz.ch\/fr\/helvetas-les-enfants-migrants-en-afrique-un-defi-majeur-pour-les-systemes-educatifs\/\"},\"wordCount\":98,\"commentCount\":0,\"publisher\":{\"@id\":\"https:\/\/reci-fobbiz.ch\/fr\/#organization\"},\"image\":{\"@id\":\"https:\/\/reci-fobbiz.ch\/fr\/helvetas-les-enfants-migrants-en-afrique-un-defi-majeur-pour-les-systemes-educatifs\/#primaryimage\"},\"thumbnailUrl\":\"https:\/\/reci-fobbiz.ch\/wp-content\/uploads\/2023\/08\/EJM-for-RECI-scaled.jpg\",\"keywords\":[\"afrique\",\"enfants\",\"helvetas\",\"migration\"],\"articleSection\":[\"Actualit\u00e9s des membres (FR)\",\"Member News (EN)\"],\"inLanguage\":\"fr-FR\",\"potentialAction\":[{\"@type\":\"CommentAction\",\"name\":\"Comment\",\"target\":[\"https:\/\/reci-fobbiz.ch\/fr\/helvetas-les-enfants-migrants-en-afrique-un-defi-majeur-pour-les-systemes-educatifs\/#respond\"]}]},{\"@type\":\"WebPage\",\"@id\":\"https:\/\/reci-fobbiz.ch\/fr\/helvetas-les-enfants-migrants-en-afrique-un-defi-majeur-pour-les-systemes-educatifs\/\",\"url\":\"https:\/\/reci-fobbiz.ch\/fr\/helvetas-les-enfants-migrants-en-afrique-un-defi-majeur-pour-les-systemes-educatifs\/\",\"name\":\"Helvetas : les enfants migrants en Afrique, un d\u00e9fi majeur pour les syst\u00e8mes \u00e9ducatifs | RECI\",\"isPartOf\":{\"@id\":\"https:\/\/reci-fobbiz.ch\/fr\/#website\"},\"primaryImageOfPage\":{\"@id\":\"https:\/\/reci-fobbiz.ch\/fr\/helvetas-les-enfants-migrants-en-afrique-un-defi-majeur-pour-les-systemes-educatifs\/#primaryimage\"},\"image\":{\"@id\":\"https:\/\/reci-fobbiz.ch\/fr\/helvetas-les-enfants-migrants-en-afrique-un-defi-majeur-pour-les-systemes-educatifs\/#primaryimage\"},\"thumbnailUrl\":\"https:\/\/reci-fobbiz.ch\/wp-content\/uploads\/2023\/08\/EJM-for-RECI-scaled.jpg\",\"datePublished\":\"2023-08-31T15:02:46+00:00\",\"dateModified\":\"2023-09-04T10:58:07+00:00\",\"description\":\"Helvetas met en \u0153uvre le projet \u201cEnfants et jeunes en mobilit\u00e9\\\" (EJM) dans cinq pays africains. L'objectif est de renforcer durablement les syst\u00e8mes \u00e9ducatifs et de faciliter l'acc\u00e8s des enfants et des jeunes en situation de migration aux opportunit\u00e9s d'apprentissage et d'insertion professionnelle.\",\"breadcrumb\":{\"@id\":\"https:\/\/reci-fobbiz.ch\/fr\/helvetas-les-enfants-migrants-en-afrique-un-defi-majeur-pour-les-systemes-educatifs\/#breadcrumb\"},\"inLanguage\":\"fr-FR\",\"potentialAction\":[{\"@type\":\"ReadAction\",\"target\":[\"https:\/\/reci-fobbiz.ch\/fr\/helvetas-les-enfants-migrants-en-afrique-un-defi-majeur-pour-les-systemes-educatifs\/\"]}]},{\"@type\":\"ImageObject\",\"inLanguage\":\"fr-FR\",\"@id\":\"https:\/\/reci-fobbiz.ch\/fr\/helvetas-les-enfants-migrants-en-afrique-un-defi-majeur-pour-les-systemes-educatifs\/#primaryimage\",\"url\":\"https:\/\/reci-fobbiz.ch\/wp-content\/uploads\/2023\/08\/EJM-for-RECI-scaled.jpg\",\"contentUrl\":\"https:\/\/reci-fobbiz.ch\/wp-content\/uploads\/2023\/08\/EJM-for-RECI-scaled.jpg\",\"width\":1707,\"height\":2560,\"caption\":\"within the framework of Community Empowerment Project funded by UNHCR, and Hemaya Project funded by Switzerland in Egypt, Tdh hosted World Refugee Day event in collaboration with Save The Children Organization and Ministry of Youth and Sports at El Sheikh Zayed Youth center. Under the theme of \u0093Hope away from home.. A world where refugees are always included\u0094\"},{\"@type\":\"BreadcrumbList\",\"@id\":\"https:\/\/reci-fobbiz.ch\/fr\/helvetas-les-enfants-migrants-en-afrique-un-defi-majeur-pour-les-systemes-educatifs\/#breadcrumb\",\"itemListElement\":[{\"@type\":\"ListItem\",\"position\":1,\"name\":\"Startseite\",\"item\":\"https:\/\/reci-fobbiz.ch\/fr\/\"},{\"@type\":\"ListItem\",\"position\":2,\"name\":\"Helvetas : les enfants migrants en Afrique, un d\u00e9fi majeur pour les syst\u00e8mes \u00e9ducatifs\"}]},{\"@type\":\"WebSite\",\"@id\":\"https:\/\/reci-fobbiz.ch\/fr\/#website\",\"url\":\"https:\/\/reci-fobbiz.ch\/fr\/\",\"name\":\"RECI\",\"description\":\"Swiss Network for Education &amp; International Cooperation\",\"publisher\":{\"@id\":\"https:\/\/reci-fobbiz.ch\/fr\/#organization\"},\"alternateName\":\"RECI\",\"potentialAction\":[{\"@type\":\"SearchAction\",\"target\":{\"@type\":\"EntryPoint\",\"urlTemplate\":\"https:\/\/reci-fobbiz.ch\/fr\/?s={search_term_string}\"},\"query-input\":{\"@type\":\"PropertyValueSpecification\",\"valueRequired\":true,\"valueName\":\"search_term_string\"}}],\"inLanguage\":\"fr-FR\"},{\"@type\":\"Organization\",\"@id\":\"https:\/\/reci-fobbiz.ch\/fr\/#organization\",\"name\":\"RECI | Swiss Network for Education & International Cooperation\",\"alternateName\":\"RECI\",\"url\":\"https:\/\/reci-fobbiz.ch\/fr\/\",\"logo\":{\"@type\":\"ImageObject\",\"inLanguage\":\"fr-FR\",\"@id\":\"https:\/\/reci-fobbiz.ch\/fr\/#\/schema\/logo\/image\/\",\"url\":\"https:\/\/reci-fobbiz.ch\/wp-content\/uploads\/2023\/10\/Reci-Swiss-Network-for-Education-and-International-Cooperation.png\",\"contentUrl\":\"https:\/\/reci-fobbiz.ch\/wp-content\/uploads\/2023\/10\/Reci-Swiss-Network-for-Education-and-International-Cooperation.png\",\"width\":216,\"height\":216,\"caption\":\"RECI | Swiss Network for Education & International Cooperation\"},\"image\":{\"@id\":\"https:\/\/reci-fobbiz.ch\/fr\/#\/schema\/logo\/image\/\"},\"sameAs\":[\"https:\/\/www.linkedin.com\/company\/reci-swiss-network-for-education-and-international-cooperation\/\",\"https:\/\/www.youtube.com\/channel\/UCxP6ErTwaK-Z8EA7XtFiUvQ\"]},{\"@type\":\"Person\",\"@id\":\"https:\/\/reci-fobbiz.ch\/fr\/#\/schema\/person\/37496835011ff697787759e4d401a27e\",\"name\":\"RECI-FoBBIZ\",\"sameAs\":[\"linkedin.com\/companyreci-fobbiz\"]}]}<\/script>\n<!-- \/ Yoast SEO Premium plugin. -->","yoast_head_json":{"title":"Helvetas : les enfants migrants en Afrique, un d\u00e9fi majeur pour les syst\u00e8mes \u00e9ducatifs | RECI","description":"Helvetas met en \u0153uvre le projet \u201cEnfants et jeunes en mobilit\u00e9\" (EJM) dans cinq pays africains. L'objectif est de renforcer durablement les syst\u00e8mes \u00e9ducatifs et de faciliter l'acc\u00e8s des enfants et des jeunes en situation de migration aux opportunit\u00e9s d'apprentissage et d'insertion professionnelle.","robots":{"index":"index","follow":"follow","max-snippet":"max-snippet:-1","max-image-preview":"max-image-preview:large","max-video-preview":"max-video-preview:-1"},"canonical":"https:\/\/reci-fobbiz.ch\/fr\/helvetas-les-enfants-migrants-en-afrique-un-defi-majeur-pour-les-systemes-educatifs\/","og_locale":"fr_FR","og_type":"article","og_title":"Helvetas : les enfants migrants en Afrique, un d\u00e9fi majeur pour les syst\u00e8mes \u00e9ducatifs","og_description":"Helvetas met en \u0153uvre le projet \u201cEnfants et jeunes en mobilit\u00e9\" (EJM) dans cinq pays africains. L'objectif est de renforcer durablement les syst\u00e8mes \u00e9ducatifs et de faciliter l'acc\u00e8s des enfants et des jeunes en situation de migration aux opportunit\u00e9s d'apprentissage et d'insertion professionnelle.","og_url":"https:\/\/reci-fobbiz.ch\/fr\/helvetas-les-enfants-migrants-en-afrique-un-defi-majeur-pour-les-systemes-educatifs\/","og_site_name":"RECI","article_published_time":"2023-08-31T15:02:46+00:00","article_modified_time":"2023-09-04T10:58:07+00:00","og_image":[{"width":1707,"height":2560,"url":"https:\/\/reci-fobbiz.ch\/wp-content\/uploads\/2023\/08\/EJM-for-RECI-scaled.jpg","type":"image\/jpeg"}],"author":"RECI-FoBBIZ","twitter_card":"summary_large_image","twitter_misc":{"\u00c9crit par":"RECI-FoBBIZ"},"schema":{"@context":"https:\/\/schema.org","@graph":[{"@type":["Article","BlogPosting"],"@id":"https:\/\/reci-fobbiz.ch\/fr\/helvetas-les-enfants-migrants-en-afrique-un-defi-majeur-pour-les-systemes-educatifs\/#article","isPartOf":{"@id":"https:\/\/reci-fobbiz.ch\/fr\/helvetas-les-enfants-migrants-en-afrique-un-defi-majeur-pour-les-systemes-educatifs\/"},"author":{"name":"RECI-FoBBIZ","@id":"https:\/\/reci-fobbiz.ch\/fr\/#\/schema\/person\/37496835011ff697787759e4d401a27e"},"headline":"Helvetas : les enfants migrants en Afrique, un d\u00e9fi majeur pour les syst\u00e8mes \u00e9ducatifs","datePublished":"2023-08-31T15:02:46+00:00","dateModified":"2023-09-04T10:58:07+00:00","mainEntityOfPage":{"@id":"https:\/\/reci-fobbiz.ch\/fr\/helvetas-les-enfants-migrants-en-afrique-un-defi-majeur-pour-les-systemes-educatifs\/"},"wordCount":98,"commentCount":0,"publisher":{"@id":"https:\/\/reci-fobbiz.ch\/fr\/#organization"},"image":{"@id":"https:\/\/reci-fobbiz.ch\/fr\/helvetas-les-enfants-migrants-en-afrique-un-defi-majeur-pour-les-systemes-educatifs\/#primaryimage"},"thumbnailUrl":"https:\/\/reci-fobbiz.ch\/wp-content\/uploads\/2023\/08\/EJM-for-RECI-scaled.jpg","keywords":["afrique","enfants","helvetas","migration"],"articleSection":["Actualit\u00e9s des membres (FR)","Member News (EN)"],"inLanguage":"fr-FR","potentialAction":[{"@type":"CommentAction","name":"Comment","target":["https:\/\/reci-fobbiz.ch\/fr\/helvetas-les-enfants-migrants-en-afrique-un-defi-majeur-pour-les-systemes-educatifs\/#respond"]}]},{"@type":"WebPage","@id":"https:\/\/reci-fobbiz.ch\/fr\/helvetas-les-enfants-migrants-en-afrique-un-defi-majeur-pour-les-systemes-educatifs\/","url":"https:\/\/reci-fobbiz.ch\/fr\/helvetas-les-enfants-migrants-en-afrique-un-defi-majeur-pour-les-systemes-educatifs\/","name":"Helvetas : les enfants migrants en Afrique, un d\u00e9fi majeur pour les syst\u00e8mes \u00e9ducatifs | RECI","isPartOf":{"@id":"https:\/\/reci-fobbiz.ch\/fr\/#website"},"primaryImageOfPage":{"@id":"https:\/\/reci-fobbiz.ch\/fr\/helvetas-les-enfants-migrants-en-afrique-un-defi-majeur-pour-les-systemes-educatifs\/#primaryimage"},"image":{"@id":"https:\/\/reci-fobbiz.ch\/fr\/helvetas-les-enfants-migrants-en-afrique-un-defi-majeur-pour-les-systemes-educatifs\/#primaryimage"},"thumbnailUrl":"https:\/\/reci-fobbiz.ch\/wp-content\/uploads\/2023\/08\/EJM-for-RECI-scaled.jpg","datePublished":"2023-08-31T15:02:46+00:00","dateModified":"2023-09-04T10:58:07+00:00","description":"Helvetas met en \u0153uvre le projet \u201cEnfants et jeunes en mobilit\u00e9\" (EJM) dans cinq pays africains. L'objectif est de renforcer durablement les syst\u00e8mes \u00e9ducatifs et de faciliter l'acc\u00e8s des enfants et des jeunes en situation de migration aux opportunit\u00e9s d'apprentissage et d'insertion professionnelle.","breadcrumb":{"@id":"https:\/\/reci-fobbiz.ch\/fr\/helvetas-les-enfants-migrants-en-afrique-un-defi-majeur-pour-les-systemes-educatifs\/#breadcrumb"},"inLanguage":"fr-FR","potentialAction":[{"@type":"ReadAction","target":["https:\/\/reci-fobbiz.ch\/fr\/helvetas-les-enfants-migrants-en-afrique-un-defi-majeur-pour-les-systemes-educatifs\/"]}]},{"@type":"ImageObject","inLanguage":"fr-FR","@id":"https:\/\/reci-fobbiz.ch\/fr\/helvetas-les-enfants-migrants-en-afrique-un-defi-majeur-pour-les-systemes-educatifs\/#primaryimage","url":"https:\/\/reci-fobbiz.ch\/wp-content\/uploads\/2023\/08\/EJM-for-RECI-scaled.jpg","contentUrl":"https:\/\/reci-fobbiz.ch\/wp-content\/uploads\/2023\/08\/EJM-for-RECI-scaled.jpg","width":1707,"height":2560,"caption":"within the framework of Community Empowerment Project funded by UNHCR, and Hemaya Project funded by Switzerland in Egypt, Tdh hosted World Refugee Day event in collaboration with Save The Children Organization and Ministry of Youth and Sports at El Sheikh Zayed Youth center. Under the theme of \u0093Hope away from home.. A world where refugees are always included\u0094"},{"@type":"BreadcrumbList","@id":"https:\/\/reci-fobbiz.ch\/fr\/helvetas-les-enfants-migrants-en-afrique-un-defi-majeur-pour-les-systemes-educatifs\/#breadcrumb","itemListElement":[{"@type":"ListItem","position":1,"name":"Startseite","item":"https:\/\/reci-fobbiz.ch\/fr\/"},{"@type":"ListItem","position":2,"name":"Helvetas : les enfants migrants en Afrique, un d\u00e9fi majeur pour les syst\u00e8mes \u00e9ducatifs"}]},{"@type":"WebSite","@id":"https:\/\/reci-fobbiz.ch\/fr\/#website","url":"https:\/\/reci-fobbiz.ch\/fr\/","name":"RECI","description":"Swiss Network for Education &amp; International Cooperation","publisher":{"@id":"https:\/\/reci-fobbiz.ch\/fr\/#organization"},"alternateName":"RECI","potentialAction":[{"@type":"SearchAction","target":{"@type":"EntryPoint","urlTemplate":"https:\/\/reci-fobbiz.ch\/fr\/?s={search_term_string}"},"query-input":{"@type":"PropertyValueSpecification","valueRequired":true,"valueName":"search_term_string"}}],"inLanguage":"fr-FR"},{"@type":"Organization","@id":"https:\/\/reci-fobbiz.ch\/fr\/#organization","name":"RECI | Swiss Network for Education & International Cooperation","alternateName":"RECI","url":"https:\/\/reci-fobbiz.ch\/fr\/","logo":{"@type":"ImageObject","inLanguage":"fr-FR","@id":"https:\/\/reci-fobbiz.ch\/fr\/#\/schema\/logo\/image\/","url":"https:\/\/reci-fobbiz.ch\/wp-content\/uploads\/2023\/10\/Reci-Swiss-Network-for-Education-and-International-Cooperation.png","contentUrl":"https:\/\/reci-fobbiz.ch\/wp-content\/uploads\/2023\/10\/Reci-Swiss-Network-for-Education-and-International-Cooperation.png","width":216,"height":216,"caption":"RECI | Swiss Network for Education & International Cooperation"},"image":{"@id":"https:\/\/reci-fobbiz.ch\/fr\/#\/schema\/logo\/image\/"},"sameAs":["https:\/\/www.linkedin.com\/company\/reci-swiss-network-for-education-and-international-cooperation\/","https:\/\/www.youtube.com\/channel\/UCxP6ErTwaK-Z8EA7XtFiUvQ"]},{"@type":"Person","@id":"https:\/\/reci-fobbiz.ch\/fr\/#\/schema\/person\/37496835011ff697787759e4d401a27e","name":"RECI-FoBBIZ","sameAs":["linkedin.com\/companyreci-fobbiz"]}]}},"_links":{"self":[{"href":"https:\/\/reci-fobbiz.ch\/fr\/wp-json\/wp\/v2\/posts\/11459","targetHints":{"allow":["GET"]}}],"collection":[{"href":"https:\/\/reci-fobbiz.ch\/fr\/wp-json\/wp\/v2\/posts"}],"about":[{"href":"https:\/\/reci-fobbiz.ch\/fr\/wp-json\/wp\/v2\/types\/post"}],"author":[{"embeddable":true,"href":"https:\/\/reci-fobbiz.ch\/fr\/wp-json\/wp\/v2\/users\/4"}],"replies":[{"embeddable":true,"href":"https:\/\/reci-fobbiz.ch\/fr\/wp-json\/wp\/v2\/comments?post=11459"}],"version-history":[{"count":3,"href":"https:\/\/reci-fobbiz.ch\/fr\/wp-json\/wp\/v2\/posts\/11459\/revisions"}],"predecessor-version":[{"id":11478,"href":"https:\/\/reci-fobbiz.ch\/fr\/wp-json\/wp\/v2\/posts\/11459\/revisions\/11478"}],"wp:featuredmedia":[{"embeddable":true,"href":"https:\/\/reci-fobbiz.ch\/fr\/wp-json\/wp\/v2\/media\/11465"}],"wp:attachment":[{"href":"https:\/\/reci-fobbiz.ch\/fr\/wp-json\/wp\/v2\/media?parent=11459"}],"wp:term":[{"taxonomy":"category","embeddable":true,"href":"https:\/\/reci-fobbiz.ch\/fr\/wp-json\/wp\/v2\/categories?post=11459"},{"taxonomy":"post_tag","embeddable":true,"href":"https:\/\/reci-fobbiz.ch\/fr\/wp-json\/wp\/v2\/tags?post=11459"}],"curies":[{"name":"wp","href":"https:\/\/api.w.org\/{rel}","templated":true}]}}